{"id":5651,"date":"2025-10-31T11:22:12","date_gmt":"2025-10-31T11:22:12","guid":{"rendered":"https:\/\/www.laznezenskeduse.cz\/?p=5651"},"modified":"2025-10-31T11:22:14","modified_gmt":"2025-10-31T11:22:14","slug":"listopad-s-pozitkarskymi-prozitky-obetaveho-vepre-4","status":"publish","type":"post","link":"https:\/\/www.laznezenskeduse.cz\/index.php\/2025\/10\/31\/listopad-s-pozitkarskymi-prozitky-obetaveho-vepre-4\/","title":{"rendered":"Listopad s po\u017eitk\u00e1\u0159sk\u00fdmi pro\u017eitky ob\u011btav\u00e9ho vep\u0159e"},"content":{"rendered":"\n<p class=\"has-medium-font-size\"><strong>V\u00edtejte v listopadu, kter\u00fd n\u00e1s zahal\u00ed do tepl\u00fdch kab\u00e1t\u016f a \u0161\u00e1l a dovol\u00ed n\u00e1m, po m\u011bs\u00edci \u00faklidu a stanovov\u00e1n\u00ed hranic okusit kouzlo po\u017eitk\u00e1\u0159stv\u00ed, kter\u00e9 n\u00e1m \u00a0p\u0159in\u00e1\u0161\u00ed ob\u011btav\u00fd vep\u0159.<\/strong><\/p>\n\n\n\n<p>Ne n\u00e1hodou je toto obdob\u00ed spojeno se slavnostmi sv. Martina a p\u0159ich\u00e1zej\u00edc\u00edho mlad\u00e9ho v\u00edna. Vep\u0159 je toti\u017e po\u017eitk\u00e1\u0159, ba\u017e\u00ed si u dobr\u00e9ho j\u00eddla a pit\u00ed a zbo\u017e\u0148uje v\u0161e, co si dok\u00e1\u017eeme p\u0159edstavit pod pojmem \u201edobr\u00e9 bydlo&#8220;. Proto ho nezapome\u0148me zahalit do m\u011bkk\u00fdch a tepl\u00fdch l\u00e1tek, z\u00fatuln\u011bme sv\u00e9 obydl\u00ed a dop\u0159ejme mu vybran\u00e9 lah\u016fdky pro jeho mlsn\u00fd jaz\u00fd\u010dek. Mohlo by se zd\u00e1t, \u017ee mu pro jeho spokojenost bude sta\u010dit pln\u00e9 kor\u00fdtko, ale nen\u00ed tomu tak. Vep\u0159 miluje j\u00eddlo a dok\u00e1\u017ee velmi bryskn\u011b rozli\u0161it autentick\u00e9 opravdov\u00e9 lah\u016fdky od n\u00e1hra\u017eek. M\u016f\u017eeme tak s jeho pomoc\u00ed ladit sv\u00e9 chut\u011b, objevovat nov\u00e9 a v\u011bnovat se r\u016fzn\u00fdm obm\u011bn\u00e1m j\u00eddeln\u00ed\u010dku. Kdy\u017e k tomu p\u0159id\u00e1me jeho nesm\u00edrnou galantnost, spole\u010dn\u00fd ob\u011bd nebo ve\u010de\u0159e budou v\u00edce ne\u017e mil\u00fdm pro\u017eitkem. Vep\u0159 n\u00e1m tak\u00e9 umo\u017en\u00ed se uvolnit z pedantsk\u00e9ho p\u016fsoben\u00ed psa. Miluje toti\u017e dobrodru\u017estv\u00ed. Rozhodn\u011b se ov\u0161em nenam\u00e1h\u00e1 dotahovat do konce rozd\u011blan\u00e9 projekty. Se sv\u00fdm klidem je ponech\u00e1 sv\u00e9mu osudu, za\u010dne nov\u00e9 a pozd\u011bji se k nim zase vr\u00e1t\u00ed. Na\u0161t\u011bst\u00ed m\u00e1 r\u00e1d \u010distotu a po\u0159\u00e1dek a tak s jeho pomoc\u00ed m\u016f\u017eeme m\u00edt ka\u017ed\u00fd sv\u016fj nedokon\u010den\u00fd projekt ulo\u017een v desk\u00e1ch nebo krabici, odkud se m\u016f\u017ee zase vyno\u0159it, a\u017e p\u0159ijde jeho spr\u00e1vn\u00fd \u010das. Dlouh\u00e9 ve\u010dery a vep\u0159ova nezdoln\u00e1 z\u00e1liba ve \u010dten\u00ed n\u00e1s zavedou do k\u0159esla s tepl\u00fdm \u010dajem a knihou, abychom se mohli inspirovat nov\u00fdmi p\u0159\u00edb\u011bhy, pl\u00e1novat na\u0161e dal\u0161\u00ed \u017eivotn\u00ed dobrodru\u017estv\u00ed a za dlouh\u00fdch podzimn\u00edch ve\u010der\u016f sp\u0159\u00e1dat sv\u00e9 sny.<\/p>\n\n\n\n<p>M\u011bs\u00edc listopad je z\u00e1rove\u0148 vstupem do obdob\u00ed energie vody. Voda miluje plynut\u00ed a sv\u00fdm pomal\u00fdm, trp\u011bliv\u00fdm a ne\u00fanavn\u00fdm p\u016fsoben\u00edm dok\u00e1\u017ee ohladit i ostr\u00e9 hrany kamene. M\u016f\u017ee n\u00e1s tak inspirovat k tomu, abychom se pod\u00edvali, jak plynou jednotliv\u00e9 oblasti na\u0161eho \u017eivota. P\u0159\u00edpadn\u011b zam\u011b\u0159it na\u0161i pozornost na p\u0159ek\u00e1\u017eky, kter\u00e9 plynut\u00ed br\u00e1n\u00ed a na jejich odstran\u011bn\u00ed.<\/p>\n\n\n\n<p>Energie vody souvis\u00ed s ledvinami a mo\u010dov\u00fdm m\u011bch\u00fd\u0159em. S nadch\u00e1zej\u00edc\u00ed zimou m\u00e1 tendenci prochl\u00e1dat, proto je nesm\u00edrn\u011b d\u016fle\u017eit\u00e9 pe\u010dovat teplem o oblast nohou, ledvin a k\u0159\u00ed\u017eov\u00e9 kosti. Jako prevenci nachlazen\u00ed m\u016f\u017eeme pou\u017e\u00edt solnou k\u016fru, kdy si ka\u017ed\u00fd ve\u010der polo\u017e\u00edme bos\u00e9 nohy alespo\u0148 na deset minut do nah\u0159\u00e1t\u00e9 soli. Tato k\u016fra velmi vy\u017eiv\u00ed ledviny i oblast mo\u010dov\u00fdch cest a kost\u00ed. Jej\u00ed \u00fa\u010dinky obzvl\u00e1\u0161\u0165 ocen\u00ed ten, kdo trp\u00ed na studen\u00e9 nohy, proto\u017ee si u\u017eije blahod\u00e1rn\u00fd pocit us\u00edn\u00e1n\u00ed v proh\u0159\u00e1t\u00ed. Toto obdob\u00ed s sebou p\u0159in\u00e1\u0161\u00ed rovn\u011b\u017e pokles tlaku a t\u011blesn\u00e9 teploty. \u00a0Psychika se uklid\u0148uje a p\u0159ipravuje se k odpo\u010dinku, kter\u00fd bychom j\u00ed m\u011bli v co nejv\u011bt\u0161\u00ed m\u00ed\u0159e dop\u0159\u00e1t.<\/p>\n\n\n\n<blockquote class=\"wp-block-quote has-large-font-size\">\n<p><\/p>\n<cite><strong><em>Mottem tohoto m\u011bs\u00edce je PO\u017dITK\u00c1\u0158STV\u00cd, LENO\u0160EN\u00cd\u00a0A PLYNUT\u00cd<\/em><\/strong><\/cite><\/blockquote>\n","protected":false},"excerpt":{"rendered":"<p>V\u00edtejte v listopadu, kter\u00fd n\u00e1s zahal\u00ed do tepl\u00fdch kab\u00e1t\u016f a \u0161\u00e1l a dovol\u00ed n\u00e1m, po m\u011bs\u00edci \u00faklidu a stanovov\u00e1n\u00ed hranic okusit kouzlo po\u017eitk\u00e1\u0159stv\u00ed, kter\u00e9 n\u00e1m \u00a0p\u0159in\u00e1\u0161\u00ed ob\u011btav\u00fd vep\u0159. Ne n\u00e1hodou je toto obdob\u00ed spojeno se slavnostmi sv. Martina a p\u0159ich\u00e1zej\u00edc\u00edho mlad\u00e9ho v\u00edna. Vep\u0159 je toti\u017e po\u017eitk\u00e1\u0159, ba\u017e\u00ed si u dobr\u00e9ho j\u00eddla a pit\u00ed a zbo\u017e\u0148uje&hellip;<\/p>\n<a class=\"read-more-link\" href=\" https:\/\/www.laznezenskeduse.cz\/index.php\/2025\/10\/31\/listopad-s-pozitkarskymi-prozitky-obetaveho-vepre-4\/ \">Read More<\/a>","protected":false},"author":2,"featured_media":2683,"comment_status":"open","ping_status":"open","sticky":false,"template":"","format":"standard","meta":{"footnotes":"","_jetpack_memberships_contains_paid_content":false},"categories":[57],"tags":[],"yoast_head":"<!-- This site is optimized with the Yoast SEO plugin v23.1 - https:\/\/yoast.com\/wordpress\/plugins\/seo\/ -->\n<title>Listopad s po\u017eitk\u00e1\u0159sk\u00fdmi pro\u017eitky ob\u011btav\u00e9ho vep\u0159e -<\/title>\n<meta name=\"robots\" content=\"index, follow, max-snippet:-1, max-image-preview:large, max-video-preview:-1\" \/>\n<link rel=\"canonical\" href=\"https:\/\/www.laznezenskeduse.cz\/index.php\/2025\/10\/31\/listopad-s-pozitkarskymi-prozitky-obetaveho-vepre-4\/\" \/>\n<meta property=\"og:locale\" content=\"cs_CZ\" \/>\n<meta property=\"og:type\" content=\"article\" \/>\n<meta property=\"og:title\" content=\"Listopad s po\u017eitk\u00e1\u0159sk\u00fdmi pro\u017eitky ob\u011btav\u00e9ho vep\u0159e -\" \/>\n<meta property=\"og:description\" content=\"V\u00edtejte v listopadu, kter\u00fd n\u00e1s zahal\u00ed do tepl\u00fdch kab\u00e1t\u016f a \u0161\u00e1l a dovol\u00ed n\u00e1m, po m\u011bs\u00edci \u00faklidu a stanovov\u00e1n\u00ed hranic okusit kouzlo po\u017eitk\u00e1\u0159stv\u00ed, kter\u00e9 n\u00e1m \u00a0p\u0159in\u00e1\u0161\u00ed ob\u011btav\u00fd vep\u0159. Ne n\u00e1hodou je toto obdob\u00ed spojeno se slavnostmi sv. Martina a p\u0159ich\u00e1zej\u00edc\u00edho mlad\u00e9ho v\u00edna. Vep\u0159 je toti\u017e po\u017eitk\u00e1\u0159, ba\u017e\u00ed si u dobr\u00e9ho j\u00eddla a pit\u00ed a zbo\u017e\u0148uje&hellip;\" \/>\n<meta property=\"og:url\" content=\"https:\/\/www.laznezenskeduse.cz\/index.php\/2025\/10\/31\/listopad-s-pozitkarskymi-prozitky-obetaveho-vepre-4\/\" \/>\n<meta property=\"article:published_time\" content=\"2025-10-31T11:22:12+00:00\" \/>\n<meta property=\"article:modified_time\" content=\"2025-10-31T11:22:14+00:00\" \/>\n<meta property=\"og:image\" content=\"https:\/\/www.laznezenskeduse.cz\/wp-content\/uploads\/2023\/10\/al-elmes-ULHxWq8reao-unsplash-scaled.jpg\" \/>\n\t<meta property=\"og:image:width\" content=\"2560\" \/>\n\t<meta property=\"og:image:height\" content=\"1707\" \/>\n\t<meta property=\"og:image:type\" content=\"image\/jpeg\" \/>\n<meta name=\"author\" content=\"Anna Tali\u00e1nov\u00e1\" \/>\n<meta name=\"twitter:card\" content=\"summary_large_image\" \/>\n<meta name=\"twitter:label1\" content=\"Napsal(a)\" \/>\n\t<meta name=\"twitter:data1\" content=\"Anna Tali\u00e1nov\u00e1\" \/>\n\t<meta name=\"twitter:label2\" content=\"Odhadovan\u00e1 doba \u010dten\u00ed\" \/>\n\t<meta name=\"twitter:data2\" content=\"3 minuty\" \/>\n<script type=\"application\/ld+json\" class=\"yoast-schema-graph\">{\"@context\":\"https:\/\/schema.org\",\"@graph\":[{\"@type\":\"Article\",\"@id\":\"https:\/\/www.laznezenskeduse.cz\/index.php\/2025\/10\/31\/listopad-s-pozitkarskymi-prozitky-obetaveho-vepre-4\/#article\",\"isPartOf\":{\"@id\":\"https:\/\/www.laznezenskeduse.cz\/index.php\/2025\/10\/31\/listopad-s-pozitkarskymi-prozitky-obetaveho-vepre-4\/\"},\"author\":{\"name\":\"Anna Tali\u00e1nov\u00e1\",\"@id\":\"https:\/\/www.laznezenskeduse.cz\/#\/schema\/person\/c484a943d9dfcae451d6e23045961c91\"},\"headline\":\"Listopad s po\u017eitk\u00e1\u0159sk\u00fdmi pro\u017eitky ob\u011btav\u00e9ho vep\u0159e\",\"datePublished\":\"2025-10-31T11:22:12+00:00\",\"dateModified\":\"2025-10-31T11:22:14+00:00\",\"mainEntityOfPage\":{\"@id\":\"https:\/\/www.laznezenskeduse.cz\/index.php\/2025\/10\/31\/listopad-s-pozitkarskymi-prozitky-obetaveho-vepre-4\/\"},\"wordCount\":606,\"commentCount\":0,\"publisher\":{\"@id\":\"https:\/\/www.laznezenskeduse.cz\/#\/schema\/person\/c484a943d9dfcae451d6e23045961c91\"},\"image\":{\"@id\":\"https:\/\/www.laznezenskeduse.cz\/index.php\/2025\/10\/31\/listopad-s-pozitkarskymi-prozitky-obetaveho-vepre-4\/#primaryimage\"},\"thumbnailUrl\":\"https:\/\/i0.wp.com\/www.laznezenskeduse.cz\/wp-content\/uploads\/2023\/10\/al-elmes-ULHxWq8reao-unsplash-scaled.jpg?fit=2560%2C1707&ssl=1\",\"articleSection\":[\"Astrotypy\"],\"inLanguage\":\"cs\",\"potentialAction\":[{\"@type\":\"CommentAction\",\"name\":\"Comment\",\"target\":[\"https:\/\/www.laznezenskeduse.cz\/index.php\/2025\/10\/31\/listopad-s-pozitkarskymi-prozitky-obetaveho-vepre-4\/#respond\"]}]},{\"@type\":\"WebPage\",\"@id\":\"https:\/\/www.laznezenskeduse.cz\/index.php\/2025\/10\/31\/listopad-s-pozitkarskymi-prozitky-obetaveho-vepre-4\/\",\"url\":\"https:\/\/www.laznezenskeduse.cz\/index.php\/2025\/10\/31\/listopad-s-pozitkarskymi-prozitky-obetaveho-vepre-4\/\",\"name\":\"Listopad s po\u017eitk\u00e1\u0159sk\u00fdmi pro\u017eitky ob\u011btav\u00e9ho vep\u0159e -\",\"isPartOf\":{\"@id\":\"https:\/\/www.laznezenskeduse.cz\/#website\"},\"primaryImageOfPage\":{\"@id\":\"https:\/\/www.laznezenskeduse.cz\/index.php\/2025\/10\/31\/listopad-s-pozitkarskymi-prozitky-obetaveho-vepre-4\/#primaryimage\"},\"image\":{\"@id\":\"https:\/\/www.laznezenskeduse.cz\/index.php\/2025\/10\/31\/listopad-s-pozitkarskymi-prozitky-obetaveho-vepre-4\/#primaryimage\"},\"thumbnailUrl\":\"https:\/\/i0.wp.com\/www.laznezenskeduse.cz\/wp-content\/uploads\/2023\/10\/al-elmes-ULHxWq8reao-unsplash-scaled.jpg?fit=2560%2C1707&ssl=1\",\"datePublished\":\"2025-10-31T11:22:12+00:00\",\"dateModified\":\"2025-10-31T11:22:14+00:00\",\"breadcrumb\":{\"@id\":\"https:\/\/www.laznezenskeduse.cz\/index.php\/2025\/10\/31\/listopad-s-pozitkarskymi-prozitky-obetaveho-vepre-4\/#breadcrumb\"},\"inLanguage\":\"cs\",\"potentialAction\":[{\"@type\":\"ReadAction\",\"target\":[\"https:\/\/www.laznezenskeduse.cz\/index.php\/2025\/10\/31\/listopad-s-pozitkarskymi-prozitky-obetaveho-vepre-4\/\"]}]},{\"@type\":\"ImageObject\",\"inLanguage\":\"cs\",\"@id\":\"https:\/\/www.laznezenskeduse.cz\/index.php\/2025\/10\/31\/listopad-s-pozitkarskymi-prozitky-obetaveho-vepre-4\/#primaryimage\",\"url\":\"https:\/\/i0.wp.com\/www.laznezenskeduse.cz\/wp-content\/uploads\/2023\/10\/al-elmes-ULHxWq8reao-unsplash-scaled.jpg?fit=2560%2C1707&ssl=1\",\"contentUrl\":\"https:\/\/i0.wp.com\/www.laznezenskeduse.cz\/wp-content\/uploads\/2023\/10\/al-elmes-ULHxWq8reao-unsplash-scaled.jpg?fit=2560%2C1707&ssl=1\",\"width\":2560,\"height\":1707},{\"@type\":\"BreadcrumbList\",\"@id\":\"https:\/\/www.laznezenskeduse.cz\/index.php\/2025\/10\/31\/listopad-s-pozitkarskymi-prozitky-obetaveho-vepre-4\/#breadcrumb\",\"itemListElement\":[{\"@type\":\"ListItem\",\"position\":1,\"name\":\"Dom\u016f\",\"item\":\"https:\/\/www.laznezenskeduse.cz\/\"},{\"@type\":\"ListItem\",\"position\":2,\"name\":\"Listopad s po\u017eitk\u00e1\u0159sk\u00fdmi pro\u017eitky ob\u011btav\u00e9ho vep\u0159e\"}]},{\"@type\":\"WebSite\",\"@id\":\"https:\/\/www.laznezenskeduse.cz\/#website\",\"url\":\"https:\/\/www.laznezenskeduse.cz\/\",\"name\":\"\",\"description\":\"\",\"publisher\":{\"@id\":\"https:\/\/www.laznezenskeduse.cz\/#\/schema\/person\/c484a943d9dfcae451d6e23045961c91\"},\"potentialAction\":[{\"@type\":\"SearchAction\",\"target\":{\"@type\":\"EntryPoint\",\"urlTemplate\":\"https:\/\/www.laznezenskeduse.cz\/?s={search_term_string}\"},\"query-input\":\"required name=search_term_string\"}],\"inLanguage\":\"cs\"},{\"@type\":[\"Person\",\"Organization\"],\"@id\":\"https:\/\/www.laznezenskeduse.cz\/#\/schema\/person\/c484a943d9dfcae451d6e23045961c91\",\"name\":\"Anna Tali\u00e1nov\u00e1\",\"image\":{\"@type\":\"ImageObject\",\"inLanguage\":\"cs\",\"@id\":\"https:\/\/www.laznezenskeduse.cz\/#\/schema\/person\/image\/\",\"url\":\"https:\/\/i0.wp.com\/www.laznezenskeduse.cz\/wp-content\/uploads\/2021\/04\/Lazne-zenske-duse_logo.png?fit=400%2C150&ssl=1\",\"contentUrl\":\"https:\/\/i0.wp.com\/www.laznezenskeduse.cz\/wp-content\/uploads\/2021\/04\/Lazne-zenske-duse_logo.png?fit=400%2C150&ssl=1\",\"width\":400,\"height\":150,\"caption\":\"Anna Tali\u00e1nov\u00e1\"},\"logo\":{\"@id\":\"https:\/\/www.laznezenskeduse.cz\/#\/schema\/person\/image\/\"},\"sameAs\":[\"http:\/\/laznezenskeduse.cz\"],\"url\":\"https:\/\/www.laznezenskeduse.cz\/index.php\/author\/laznezensk2\/\"}]}<\/script>\n<!-- \/ Yoast SEO plugin. -->","yoast_head_json":{"title":"Listopad s po\u017eitk\u00e1\u0159sk\u00fdmi pro\u017eitky ob\u011btav\u00e9ho vep\u0159e -","robots":{"index":"index","follow":"follow","max-snippet":"max-snippet:-1","max-image-preview":"max-image-preview:large","max-video-preview":"max-video-preview:-1"},"canonical":"https:\/\/www.laznezenskeduse.cz\/index.php\/2025\/10\/31\/listopad-s-pozitkarskymi-prozitky-obetaveho-vepre-4\/","og_locale":"cs_CZ","og_type":"article","og_title":"Listopad s po\u017eitk\u00e1\u0159sk\u00fdmi pro\u017eitky ob\u011btav\u00e9ho vep\u0159e -","og_description":"V\u00edtejte v listopadu, kter\u00fd n\u00e1s zahal\u00ed do tepl\u00fdch kab\u00e1t\u016f a \u0161\u00e1l a dovol\u00ed n\u00e1m, po m\u011bs\u00edci \u00faklidu a stanovov\u00e1n\u00ed hranic okusit kouzlo po\u017eitk\u00e1\u0159stv\u00ed, kter\u00e9 n\u00e1m \u00a0p\u0159in\u00e1\u0161\u00ed ob\u011btav\u00fd vep\u0159. Ne n\u00e1hodou je toto obdob\u00ed spojeno se slavnostmi sv. Martina a p\u0159ich\u00e1zej\u00edc\u00edho mlad\u00e9ho v\u00edna. Vep\u0159 je toti\u017e po\u017eitk\u00e1\u0159, ba\u017e\u00ed si u dobr\u00e9ho j\u00eddla a pit\u00ed a zbo\u017e\u0148uje&hellip;","og_url":"https:\/\/www.laznezenskeduse.cz\/index.php\/2025\/10\/31\/listopad-s-pozitkarskymi-prozitky-obetaveho-vepre-4\/","article_published_time":"2025-10-31T11:22:12+00:00","article_modified_time":"2025-10-31T11:22:14+00:00","og_image":[{"width":2560,"height":1707,"url":"https:\/\/www.laznezenskeduse.cz\/wp-content\/uploads\/2023\/10\/al-elmes-ULHxWq8reao-unsplash-scaled.jpg","type":"image\/jpeg"}],"author":"Anna Tali\u00e1nov\u00e1","twitter_card":"summary_large_image","twitter_misc":{"Napsal(a)":"Anna Tali\u00e1nov\u00e1","Odhadovan\u00e1 doba \u010dten\u00ed":"3 minuty"},"schema":{"@context":"https:\/\/schema.org","@graph":[{"@type":"Article","@id":"https:\/\/www.laznezenskeduse.cz\/index.php\/2025\/10\/31\/listopad-s-pozitkarskymi-prozitky-obetaveho-vepre-4\/#article","isPartOf":{"@id":"https:\/\/www.laznezenskeduse.cz\/index.php\/2025\/10\/31\/listopad-s-pozitkarskymi-prozitky-obetaveho-vepre-4\/"},"author":{"name":"Anna Tali\u00e1nov\u00e1","@id":"https:\/\/www.laznezenskeduse.cz\/#\/schema\/person\/c484a943d9dfcae451d6e23045961c91"},"headline":"Listopad s po\u017eitk\u00e1\u0159sk\u00fdmi pro\u017eitky ob\u011btav\u00e9ho vep\u0159e","datePublished":"2025-10-31T11:22:12+00:00","dateModified":"2025-10-31T11:22:14+00:00","mainEntityOfPage":{"@id":"https:\/\/www.laznezenskeduse.cz\/index.php\/2025\/10\/31\/listopad-s-pozitkarskymi-prozitky-obetaveho-vepre-4\/"},"wordCount":606,"commentCount":0,"publisher":{"@id":"https:\/\/www.laznezenskeduse.cz\/#\/schema\/person\/c484a943d9dfcae451d6e23045961c91"},"image":{"@id":"https:\/\/www.laznezenskeduse.cz\/index.php\/2025\/10\/31\/listopad-s-pozitkarskymi-prozitky-obetaveho-vepre-4\/#primaryimage"},"thumbnailUrl":"https:\/\/i0.wp.com\/www.laznezenskeduse.cz\/wp-content\/uploads\/2023\/10\/al-elmes-ULHxWq8reao-unsplash-scaled.jpg?fit=2560%2C1707&ssl=1","articleSection":["Astrotypy"],"inLanguage":"cs","potentialAction":[{"@type":"CommentAction","name":"Comment","target":["https:\/\/www.laznezenskeduse.cz\/index.php\/2025\/10\/31\/listopad-s-pozitkarskymi-prozitky-obetaveho-vepre-4\/#respond"]}]},{"@type":"WebPage","@id":"https:\/\/www.laznezenskeduse.cz\/index.php\/2025\/10\/31\/listopad-s-pozitkarskymi-prozitky-obetaveho-vepre-4\/","url":"https:\/\/www.laznezenskeduse.cz\/index.php\/2025\/10\/31\/listopad-s-pozitkarskymi-prozitky-obetaveho-vepre-4\/","name":"Listopad s po\u017eitk\u00e1\u0159sk\u00fdmi pro\u017eitky ob\u011btav\u00e9ho vep\u0159e -","isPartOf":{"@id":"https:\/\/www.laznezenskeduse.cz\/#website"},"primaryImageOfPage":{"@id":"https:\/\/www.laznezenskeduse.cz\/index.php\/2025\/10\/31\/listopad-s-pozitkarskymi-prozitky-obetaveho-vepre-4\/#primaryimage"},"image":{"@id":"https:\/\/www.laznezenskeduse.cz\/index.php\/2025\/10\/31\/listopad-s-pozitkarskymi-prozitky-obetaveho-vepre-4\/#primaryimage"},"thumbnailUrl":"https:\/\/i0.wp.com\/www.laznezenskeduse.cz\/wp-content\/uploads\/2023\/10\/al-elmes-ULHxWq8reao-unsplash-scaled.jpg?fit=2560%2C1707&ssl=1","datePublished":"2025-10-31T11:22:12+00:00","dateModified":"2025-10-31T11:22:14+00:00","breadcrumb":{"@id":"https:\/\/www.laznezenskeduse.cz\/index.php\/2025\/10\/31\/listopad-s-pozitkarskymi-prozitky-obetaveho-vepre-4\/#breadcrumb"},"inLanguage":"cs","potentialAction":[{"@type":"ReadAction","target":["https:\/\/www.laznezenskeduse.cz\/index.php\/2025\/10\/31\/listopad-s-pozitkarskymi-prozitky-obetaveho-vepre-4\/"]}]},{"@type":"ImageObject","inLanguage":"cs","@id":"https:\/\/www.laznezenskeduse.cz\/index.php\/2025\/10\/31\/listopad-s-pozitkarskymi-prozitky-obetaveho-vepre-4\/#primaryimage","url":"https:\/\/i0.wp.com\/www.laznezenskeduse.cz\/wp-content\/uploads\/2023\/10\/al-elmes-ULHxWq8reao-unsplash-scaled.jpg?fit=2560%2C1707&ssl=1","contentUrl":"https:\/\/i0.wp.com\/www.laznezenskeduse.cz\/wp-content\/uploads\/2023\/10\/al-elmes-ULHxWq8reao-unsplash-scaled.jpg?fit=2560%2C1707&ssl=1","width":2560,"height":1707},{"@type":"BreadcrumbList","@id":"https:\/\/www.laznezenskeduse.cz\/index.php\/2025\/10\/31\/listopad-s-pozitkarskymi-prozitky-obetaveho-vepre-4\/#breadcrumb","itemListElement":[{"@type":"ListItem","position":1,"name":"Dom\u016f","item":"https:\/\/www.laznezenskeduse.cz\/"},{"@type":"ListItem","position":2,"name":"Listopad s po\u017eitk\u00e1\u0159sk\u00fdmi pro\u017eitky ob\u011btav\u00e9ho vep\u0159e"}]},{"@type":"WebSite","@id":"https:\/\/www.laznezenskeduse.cz\/#website","url":"https:\/\/www.laznezenskeduse.cz\/","name":"","description":"","publisher":{"@id":"https:\/\/www.laznezenskeduse.cz\/#\/schema\/person\/c484a943d9dfcae451d6e23045961c91"},"potentialAction":[{"@type":"SearchAction","target":{"@type":"EntryPoint","urlTemplate":"https:\/\/www.laznezenskeduse.cz\/?s={search_term_string}"},"query-input":"required name=search_term_string"}],"inLanguage":"cs"},{"@type":["Person","Organization"],"@id":"https:\/\/www.laznezenskeduse.cz\/#\/schema\/person\/c484a943d9dfcae451d6e23045961c91","name":"Anna Tali\u00e1nov\u00e1","image":{"@type":"ImageObject","inLanguage":"cs","@id":"https:\/\/www.laznezenskeduse.cz\/#\/schema\/person\/image\/","url":"https:\/\/i0.wp.com\/www.laznezenskeduse.cz\/wp-content\/uploads\/2021\/04\/Lazne-zenske-duse_logo.png?fit=400%2C150&ssl=1","contentUrl":"https:\/\/i0.wp.com\/www.laznezenskeduse.cz\/wp-content\/uploads\/2021\/04\/Lazne-zenske-duse_logo.png?fit=400%2C150&ssl=1","width":400,"height":150,"caption":"Anna Tali\u00e1nov\u00e1"},"logo":{"@id":"https:\/\/www.laznezenskeduse.cz\/#\/schema\/person\/image\/"},"sameAs":["http:\/\/laznezenskeduse.cz"],"url":"https:\/\/www.laznezenskeduse.cz\/index.php\/author\/laznezensk2\/"}]}},"jetpack_sharing_enabled":true,"jetpack_featured_media_url":"https:\/\/i0.wp.com\/www.laznezenskeduse.cz\/wp-content\/uploads\/2023\/10\/al-elmes-ULHxWq8reao-unsplash-scaled.jpg?fit=2560%2C1707&ssl=1","jetpack-related-posts":[],"_links":{"self":[{"href":"https:\/\/www.laznezenskeduse.cz\/index.php\/wp-json\/wp\/v2\/posts\/5651"}],"collection":[{"href":"https:\/\/www.laznezenskeduse.cz\/index.php\/wp-json\/wp\/v2\/posts"}],"about":[{"href":"https:\/\/www.laznezenskeduse.cz\/index.php\/wp-json\/wp\/v2\/types\/post"}],"author":[{"embeddable":true,"href":"https:\/\/www.laznezenskeduse.cz\/index.php\/wp-json\/wp\/v2\/users\/2"}],"replies":[{"embeddable":true,"href":"https:\/\/www.laznezenskeduse.cz\/index.php\/wp-json\/wp\/v2\/comments?post=5651"}],"version-history":[{"count":1,"href":"https:\/\/www.laznezenskeduse.cz\/index.php\/wp-json\/wp\/v2\/posts\/5651\/revisions"}],"predecessor-version":[{"id":5652,"href":"https:\/\/www.laznezenskeduse.cz\/index.php\/wp-json\/wp\/v2\/posts\/5651\/revisions\/5652"}],"wp:featuredmedia":[{"embeddable":true,"href":"https:\/\/www.laznezenskeduse.cz\/index.php\/wp-json\/wp\/v2\/media\/2683"}],"wp:attachment":[{"href":"https:\/\/www.laznezenskeduse.cz\/index.php\/wp-json\/wp\/v2\/media?parent=5651"}],"wp:term":[{"taxonomy":"category","embeddable":true,"href":"https:\/\/www.laznezenskeduse.cz\/index.php\/wp-json\/wp\/v2\/categories?post=5651"},{"taxonomy":"post_tag","embeddable":true,"href":"https:\/\/www.laznezenskeduse.cz\/index.php\/wp-json\/wp\/v2\/tags?post=5651"}],"curies":[{"name":"wp","href":"https:\/\/api.w.org\/{rel}","templated":true}]}}