{"id":5936,"date":"2026-01-30T14:30:41","date_gmt":"2026-01-30T14:30:41","guid":{"rendered":"https:\/\/www.laznezenskeduse.cz\/?p=5936"},"modified":"2026-01-30T14:30:42","modified_gmt":"2026-01-30T14:30:42","slug":"prosinec-pod-taktovkou-smejdive-krysy-2","status":"publish","type":"post","link":"https:\/\/www.laznezenskeduse.cz\/index.php\/2026\/01\/30\/prosinec-pod-taktovkou-smejdive-krysy-2\/","title":{"rendered":"Prosinec pod taktovkou \u0161mejdiv\u00e9 krysy"},"content":{"rendered":"\n<p><strong>V\u00edtejte v adventu, v obdob\u00ed spojen\u00e9m se zimn\u00edm slunovratem, kter\u00fdm n\u00e1s prov\u00e1z\u00ed energie krysy. Je to tak trochu paradoxn\u00ed vl\u00e1dkyn\u011b tohoto \u010dasu, kter\u00fd n\u00e1s zve k zastaven\u00ed se, vnit\u0159n\u00edmu rozj\u00edm\u00e1n\u00ed, vn\u00edm\u00e1n\u00ed sv\u00fdch kvalit i st\u00edn\u016f a hled\u00e1n\u00ed jejich rovnov\u00e1hy. A to je n\u011bco, co kryse v\u016fbec nen\u00ed vlastn\u00ed. Pro svou spokojenost pot\u0159ebuje b\u00fdt toti\u017e neust\u00e1le v pohybu, zji\u0161\u0165ovat co se kde \u0161ustne a ve\u0161ker\u00e9 informace okam\u017eit\u011b analyzovat, vyu\u017e\u00edvat ve sv\u016fj prosp\u011bch a \u0161\u00ed\u0159it d\u00e1l.<\/strong><\/p>\n\n\n\n<p>Proto vn\u00edm\u00e1m obdob\u00ed adventu jako velmi n\u00e1ro\u010dn\u00e9 na udr\u017eov\u00e1n\u00ed vnit\u0159n\u00ed pozornosti. P\u0159irozen\u00e1 pot\u0159eba vyu\u017e\u00edt tento \u010das k rozj\u00edm\u00e1n\u00ed a uzav\u0159en\u00ed se p\u0159ed sv\u011btem je naru\u0161ov\u00e1na spoustou spole\u010densk\u00fdch ud\u00e1lost\u00ed a &nbsp;aktivit, kter\u00e9 jsou s V\u00e1nocemi a koncem roku spojen\u00e9. Zkuste si dovolit pro\u017e\u00edt leto\u0161n\u00ed advent beze shonu a ruchu a s odvahou vyj\u00edt vst\u0159\u00edc nov\u00fdm vnit\u0159n\u00edm pro\u017eitk\u016fm v \u00fatuln\u00e9m bezpe\u010d\u00ed sv\u00e9ho domova. Nau\u010dme krysu \u0161mejdit ve sv\u00e9 du\u0161i a v prostoru na\u0161eho doma. M\u016f\u017ee n\u00e1m pomoci odhalit a prosv\u011btlit tmav\u00e1 z\u00e1kout\u00ed a uv\u011bdomit si situace, kter\u00e9 n\u00e1m p\u0159in\u00e1\u0161ej\u00ed do \u017eivota pocity radosti a \u0161t\u011bst\u00ed. M\u016f\u017eeme rovn\u011b\u017e vyu\u017e\u00edt krys\u00ed um\u011bleck\u00fd talent na tvo\u0159en\u00ed origin\u00e1ln\u00edch v\u00e1no\u010dn\u00edch dekorac\u00ed, p\u0159\u00e1n\u00ed nebo ke zp\u011bvu v\u00e1no\u010dn\u00edch koled. Jen pozor na velk\u00e9 a neuv\u00e1\u017een\u00e9 n\u00e1kupy. Krysa m\u00e1 tendence hromadit z\u00e1soby a ani p\u0159epln\u011bn\u00fd \u0161atn\u00edk nebo sp\u00ed\u017e ji nezastav\u00ed. M\u00e9n\u011b je nyn\u00ed v\u00edce. Pozor si dejme rovn\u011b\u017e na skrytou krys\u00ed agresivitu schov\u00e1vanou za masku nete\u010dnosti. Pokud se krysa rozhodne cokoli z\u00edskat, nev\u00e1h\u00e1 k tomu vyu\u017e\u00edt jak\u00e9koli prost\u0159edky.<\/p>\n\n\n\n<p>S energi\u00ed krysy a vody je prostorov\u011b propojen vchod do na\u0161ich domov\u016f. V\u011bnujme mu proto nyn\u00ed svou pozornost. Vyzdobme si vchodov\u00e9 dve\u0159e tak, aby byly l\u00e1kavou pozv\u00e1nkou vstoupit d\u00e1le. Navn\u00edmejme si prostor z\u00e1dve\u0159\u00ed. Je to m\u00edsto, kde po p\u0159\u00edchodu dom\u016f r\u00e1di spo\u010dineme? Dovol\u00ed n\u00e1m plynout a p\u0159in\u00e1\u0161\u00ed n\u00e1m uvoln\u011bn\u00ed? Pokud ne, je pr\u00e1v\u011b te\u010f ten prav\u00fd \u010das v\u011bnovat tomuto z\u00e1kout\u00ed svou pozornost. &nbsp;<\/p>\n\n\n\n<p>V prosinci st\u00e1le je\u0161t\u011b plyneme v energii vody. Krom\u011b proh\u0159\u00edv\u00e1n\u00ed t\u011bla v jak\u00e9koli podob\u011b je d\u016fle\u017eit\u00e9 si dop\u0159\u00e1t dostatek odpo\u010dinku. Inspiraci si m\u016f\u017eeme vz\u00edt v p\u0159\u00edrod\u011b, kter\u00e1 upad\u00e1 do zimn\u00edho sp\u00e1nku. Tak\u017ee z\u00e1kladn\u00edmi esencemi, kter\u00fdmi m\u016f\u017eeme v prosinci podpo\u0159it sv\u00e9 zdrav\u00ed jsou tepl\u00e1 a v\u00fd\u017eivn\u00e1 j\u00eddla, dlouze ta\u017een\u00e9 v\u00fdvary, tepl\u00e9 \u010daje, ale i proh\u0159\u00edv\u00e1n\u00ed nohou a oblasti beder a dostatek sp\u00e1nku, ke kter\u00e9mu jsou dlouh\u00e9 zimn\u00ed noci jako d\u011blan\u00e9.<\/p>\n\n\n\n<blockquote class=\"wp-block-quote\">\n<p class=\"has-large-font-size\"><strong>Mottem tohoto m\u011bs\u00edce je UVNIT\u0158N\u011aN\u00cd, KLID A ROZJ\u00cdM\u00c1N\u00cd<\/strong><\/p>\n<\/blockquote>\n","protected":false},"excerpt":{"rendered":"<p>V\u00edtejte v adventu, v obdob\u00ed spojen\u00e9m se zimn\u00edm slunovratem, kter\u00fdm n\u00e1s prov\u00e1z\u00ed energie krysy. Je to tak trochu paradoxn\u00ed vl\u00e1dkyn\u011b tohoto \u010dasu, kter\u00fd n\u00e1s zve k zastaven\u00ed se, vnit\u0159n\u00edmu rozj\u00edm\u00e1n\u00ed, vn\u00edm\u00e1n\u00ed sv\u00fdch kvalit i st\u00edn\u016f a hled\u00e1n\u00ed jejich rovnov\u00e1hy. A to je n\u011bco, co kryse v\u016fbec nen\u00ed vlastn\u00ed. Pro svou spokojenost pot\u0159ebuje b\u00fdt toti\u017e neust\u00e1le&hellip;<\/p>\n<a class=\"read-more-link\" href=\" https:\/\/www.laznezenskeduse.cz\/index.php\/2026\/01\/30\/prosinec-pod-taktovkou-smejdive-krysy-2\/ \">Read More<\/a>","protected":false},"author":2,"featured_media":4026,"comment_status":"open","ping_status":"open","sticky":false,"template":"","format":"standard","meta":{"footnotes":"","_jetpack_memberships_contains_paid_content":false},"categories":[57],"tags":[],"yoast_head":"<!-- This site is optimized with the Yoast SEO plugin v23.1 - https:\/\/yoast.com\/wordpress\/plugins\/seo\/ -->\n<title>Prosinec pod taktovkou \u0161mejdiv\u00e9 krysy -<\/title>\n<meta name=\"robots\" content=\"index, follow, max-snippet:-1, max-image-preview:large, max-video-preview:-1\" \/>\n<link rel=\"canonical\" href=\"https:\/\/www.laznezenskeduse.cz\/index.php\/2026\/01\/30\/prosinec-pod-taktovkou-smejdive-krysy-2\/\" \/>\n<meta property=\"og:locale\" content=\"cs_CZ\" \/>\n<meta property=\"og:type\" content=\"article\" \/>\n<meta property=\"og:title\" content=\"Prosinec pod taktovkou \u0161mejdiv\u00e9 krysy -\" \/>\n<meta property=\"og:description\" content=\"V\u00edtejte v adventu, v obdob\u00ed spojen\u00e9m se zimn\u00edm slunovratem, kter\u00fdm n\u00e1s prov\u00e1z\u00ed energie krysy. Je to tak trochu paradoxn\u00ed vl\u00e1dkyn\u011b tohoto \u010dasu, kter\u00fd n\u00e1s zve k zastaven\u00ed se, vnit\u0159n\u00edmu rozj\u00edm\u00e1n\u00ed, vn\u00edm\u00e1n\u00ed sv\u00fdch kvalit i st\u00edn\u016f a hled\u00e1n\u00ed jejich rovnov\u00e1hy. A to je n\u011bco, co kryse v\u016fbec nen\u00ed vlastn\u00ed. Pro svou spokojenost pot\u0159ebuje b\u00fdt toti\u017e neust\u00e1le&hellip;\" \/>\n<meta property=\"og:url\" content=\"https:\/\/www.laznezenskeduse.cz\/index.php\/2026\/01\/30\/prosinec-pod-taktovkou-smejdive-krysy-2\/\" \/>\n<meta property=\"article:published_time\" content=\"2026-01-30T14:30:41+00:00\" \/>\n<meta property=\"article:modified_time\" content=\"2026-01-30T14:30:42+00:00\" \/>\n<meta property=\"og:image\" content=\"https:\/\/www.laznezenskeduse.cz\/wp-content\/uploads\/2024\/12\/annie-spratt-VW103sC-nzo-unsplash-scaled.jpg\" \/>\n\t<meta property=\"og:image:width\" content=\"2560\" \/>\n\t<meta property=\"og:image:height\" content=\"1707\" \/>\n\t<meta property=\"og:image:type\" content=\"image\/jpeg\" \/>\n<meta name=\"author\" content=\"Anna Tali\u00e1nov\u00e1\" \/>\n<meta name=\"twitter:card\" content=\"summary_large_image\" \/>\n<meta name=\"twitter:label1\" content=\"Napsal(a)\" \/>\n\t<meta name=\"twitter:data1\" content=\"Anna Tali\u00e1nov\u00e1\" \/>\n\t<meta name=\"twitter:label2\" content=\"Odhadovan\u00e1 doba \u010dten\u00ed\" \/>\n\t<meta name=\"twitter:data2\" content=\"3 minuty\" \/>\n<script type=\"application\/ld+json\" class=\"yoast-schema-graph\">{\"@context\":\"https:\/\/schema.org\",\"@graph\":[{\"@type\":\"Article\",\"@id\":\"https:\/\/www.laznezenskeduse.cz\/index.php\/2026\/01\/30\/prosinec-pod-taktovkou-smejdive-krysy-2\/#article\",\"isPartOf\":{\"@id\":\"https:\/\/www.laznezenskeduse.cz\/index.php\/2026\/01\/30\/prosinec-pod-taktovkou-smejdive-krysy-2\/\"},\"author\":{\"name\":\"Anna Tali\u00e1nov\u00e1\",\"@id\":\"https:\/\/www.laznezenskeduse.cz\/#\/schema\/person\/c484a943d9dfcae451d6e23045961c91\"},\"headline\":\"Prosinec pod taktovkou \u0161mejdiv\u00e9 krysy\",\"datePublished\":\"2026-01-30T14:30:41+00:00\",\"dateModified\":\"2026-01-30T14:30:42+00:00\",\"mainEntityOfPage\":{\"@id\":\"https:\/\/www.laznezenskeduse.cz\/index.php\/2026\/01\/30\/prosinec-pod-taktovkou-smejdive-krysy-2\/\"},\"wordCount\":536,\"commentCount\":0,\"publisher\":{\"@id\":\"https:\/\/www.laznezenskeduse.cz\/#\/schema\/person\/c484a943d9dfcae451d6e23045961c91\"},\"image\":{\"@id\":\"https:\/\/www.laznezenskeduse.cz\/index.php\/2026\/01\/30\/prosinec-pod-taktovkou-smejdive-krysy-2\/#primaryimage\"},\"thumbnailUrl\":\"https:\/\/i0.wp.com\/www.laznezenskeduse.cz\/wp-content\/uploads\/2024\/12\/annie-spratt-VW103sC-nzo-unsplash-scaled.jpg?fit=2560%2C1707&ssl=1\",\"articleSection\":[\"Astrotypy\"],\"inLanguage\":\"cs\",\"potentialAction\":[{\"@type\":\"CommentAction\",\"name\":\"Comment\",\"target\":[\"https:\/\/www.laznezenskeduse.cz\/index.php\/2026\/01\/30\/prosinec-pod-taktovkou-smejdive-krysy-2\/#respond\"]}]},{\"@type\":\"WebPage\",\"@id\":\"https:\/\/www.laznezenskeduse.cz\/index.php\/2026\/01\/30\/prosinec-pod-taktovkou-smejdive-krysy-2\/\",\"url\":\"https:\/\/www.laznezenskeduse.cz\/index.php\/2026\/01\/30\/prosinec-pod-taktovkou-smejdive-krysy-2\/\",\"name\":\"Prosinec pod taktovkou \u0161mejdiv\u00e9 krysy -\",\"isPartOf\":{\"@id\":\"https:\/\/www.laznezenskeduse.cz\/#website\"},\"primaryImageOfPage\":{\"@id\":\"https:\/\/www.laznezenskeduse.cz\/index.php\/2026\/01\/30\/prosinec-pod-taktovkou-smejdive-krysy-2\/#primaryimage\"},\"image\":{\"@id\":\"https:\/\/www.laznezenskeduse.cz\/index.php\/2026\/01\/30\/prosinec-pod-taktovkou-smejdive-krysy-2\/#primaryimage\"},\"thumbnailUrl\":\"https:\/\/i0.wp.com\/www.laznezenskeduse.cz\/wp-content\/uploads\/2024\/12\/annie-spratt-VW103sC-nzo-unsplash-scaled.jpg?fit=2560%2C1707&ssl=1\",\"datePublished\":\"2026-01-30T14:30:41+00:00\",\"dateModified\":\"2026-01-30T14:30:42+00:00\",\"breadcrumb\":{\"@id\":\"https:\/\/www.laznezenskeduse.cz\/index.php\/2026\/01\/30\/prosinec-pod-taktovkou-smejdive-krysy-2\/#breadcrumb\"},\"inLanguage\":\"cs\",\"potentialAction\":[{\"@type\":\"ReadAction\",\"target\":[\"https:\/\/www.laznezenskeduse.cz\/index.php\/2026\/01\/30\/prosinec-pod-taktovkou-smejdive-krysy-2\/\"]}]},{\"@type\":\"ImageObject\",\"inLanguage\":\"cs\",\"@id\":\"https:\/\/www.laznezenskeduse.cz\/index.php\/2026\/01\/30\/prosinec-pod-taktovkou-smejdive-krysy-2\/#primaryimage\",\"url\":\"https:\/\/i0.wp.com\/www.laznezenskeduse.cz\/wp-content\/uploads\/2024\/12\/annie-spratt-VW103sC-nzo-unsplash-scaled.jpg?fit=2560%2C1707&ssl=1\",\"contentUrl\":\"https:\/\/i0.wp.com\/www.laznezenskeduse.cz\/wp-content\/uploads\/2024\/12\/annie-spratt-VW103sC-nzo-unsplash-scaled.jpg?fit=2560%2C1707&ssl=1\",\"width\":2560,\"height\":1707},{\"@type\":\"BreadcrumbList\",\"@id\":\"https:\/\/www.laznezenskeduse.cz\/index.php\/2026\/01\/30\/prosinec-pod-taktovkou-smejdive-krysy-2\/#breadcrumb\",\"itemListElement\":[{\"@type\":\"ListItem\",\"position\":1,\"name\":\"Dom\u016f\",\"item\":\"https:\/\/www.laznezenskeduse.cz\/\"},{\"@type\":\"ListItem\",\"position\":2,\"name\":\"Prosinec pod taktovkou \u0161mejdiv\u00e9 krysy\"}]},{\"@type\":\"WebSite\",\"@id\":\"https:\/\/www.laznezenskeduse.cz\/#website\",\"url\":\"https:\/\/www.laznezenskeduse.cz\/\",\"name\":\"\",\"description\":\"\",\"publisher\":{\"@id\":\"https:\/\/www.laznezenskeduse.cz\/#\/schema\/person\/c484a943d9dfcae451d6e23045961c91\"},\"potentialAction\":[{\"@type\":\"SearchAction\",\"target\":{\"@type\":\"EntryPoint\",\"urlTemplate\":\"https:\/\/www.laznezenskeduse.cz\/?s={search_term_string}\"},\"query-input\":\"required name=search_term_string\"}],\"inLanguage\":\"cs\"},{\"@type\":[\"Person\",\"Organization\"],\"@id\":\"https:\/\/www.laznezenskeduse.cz\/#\/schema\/person\/c484a943d9dfcae451d6e23045961c91\",\"name\":\"Anna Tali\u00e1nov\u00e1\",\"image\":{\"@type\":\"ImageObject\",\"inLanguage\":\"cs\",\"@id\":\"https:\/\/www.laznezenskeduse.cz\/#\/schema\/person\/image\/\",\"url\":\"https:\/\/i0.wp.com\/www.laznezenskeduse.cz\/wp-content\/uploads\/2021\/04\/Lazne-zenske-duse_logo.png?fit=400%2C150&ssl=1\",\"contentUrl\":\"https:\/\/i0.wp.com\/www.laznezenskeduse.cz\/wp-content\/uploads\/2021\/04\/Lazne-zenske-duse_logo.png?fit=400%2C150&ssl=1\",\"width\":400,\"height\":150,\"caption\":\"Anna Tali\u00e1nov\u00e1\"},\"logo\":{\"@id\":\"https:\/\/www.laznezenskeduse.cz\/#\/schema\/person\/image\/\"},\"sameAs\":[\"http:\/\/laznezenskeduse.cz\"],\"url\":\"https:\/\/www.laznezenskeduse.cz\/index.php\/author\/laznezensk2\/\"}]}<\/script>\n<!-- \/ Yoast SEO plugin. -->","yoast_head_json":{"title":"Prosinec pod taktovkou \u0161mejdiv\u00e9 krysy -","robots":{"index":"index","follow":"follow","max-snippet":"max-snippet:-1","max-image-preview":"max-image-preview:large","max-video-preview":"max-video-preview:-1"},"canonical":"https:\/\/www.laznezenskeduse.cz\/index.php\/2026\/01\/30\/prosinec-pod-taktovkou-smejdive-krysy-2\/","og_locale":"cs_CZ","og_type":"article","og_title":"Prosinec pod taktovkou \u0161mejdiv\u00e9 krysy -","og_description":"V\u00edtejte v adventu, v obdob\u00ed spojen\u00e9m se zimn\u00edm slunovratem, kter\u00fdm n\u00e1s prov\u00e1z\u00ed energie krysy. Je to tak trochu paradoxn\u00ed vl\u00e1dkyn\u011b tohoto \u010dasu, kter\u00fd n\u00e1s zve k zastaven\u00ed se, vnit\u0159n\u00edmu rozj\u00edm\u00e1n\u00ed, vn\u00edm\u00e1n\u00ed sv\u00fdch kvalit i st\u00edn\u016f a hled\u00e1n\u00ed jejich rovnov\u00e1hy. A to je n\u011bco, co kryse v\u016fbec nen\u00ed vlastn\u00ed. Pro svou spokojenost pot\u0159ebuje b\u00fdt toti\u017e neust\u00e1le&hellip;","og_url":"https:\/\/www.laznezenskeduse.cz\/index.php\/2026\/01\/30\/prosinec-pod-taktovkou-smejdive-krysy-2\/","article_published_time":"2026-01-30T14:30:41+00:00","article_modified_time":"2026-01-30T14:30:42+00:00","og_image":[{"width":2560,"height":1707,"url":"https:\/\/www.laznezenskeduse.cz\/wp-content\/uploads\/2024\/12\/annie-spratt-VW103sC-nzo-unsplash-scaled.jpg","type":"image\/jpeg"}],"author":"Anna Tali\u00e1nov\u00e1","twitter_card":"summary_large_image","twitter_misc":{"Napsal(a)":"Anna Tali\u00e1nov\u00e1","Odhadovan\u00e1 doba \u010dten\u00ed":"3 minuty"},"schema":{"@context":"https:\/\/schema.org","@graph":[{"@type":"Article","@id":"https:\/\/www.laznezenskeduse.cz\/index.php\/2026\/01\/30\/prosinec-pod-taktovkou-smejdive-krysy-2\/#article","isPartOf":{"@id":"https:\/\/www.laznezenskeduse.cz\/index.php\/2026\/01\/30\/prosinec-pod-taktovkou-smejdive-krysy-2\/"},"author":{"name":"Anna Tali\u00e1nov\u00e1","@id":"https:\/\/www.laznezenskeduse.cz\/#\/schema\/person\/c484a943d9dfcae451d6e23045961c91"},"headline":"Prosinec pod taktovkou \u0161mejdiv\u00e9 krysy","datePublished":"2026-01-30T14:30:41+00:00","dateModified":"2026-01-30T14:30:42+00:00","mainEntityOfPage":{"@id":"https:\/\/www.laznezenskeduse.cz\/index.php\/2026\/01\/30\/prosinec-pod-taktovkou-smejdive-krysy-2\/"},"wordCount":536,"commentCount":0,"publisher":{"@id":"https:\/\/www.laznezenskeduse.cz\/#\/schema\/person\/c484a943d9dfcae451d6e23045961c91"},"image":{"@id":"https:\/\/www.laznezenskeduse.cz\/index.php\/2026\/01\/30\/prosinec-pod-taktovkou-smejdive-krysy-2\/#primaryimage"},"thumbnailUrl":"https:\/\/i0.wp.com\/www.laznezenskeduse.cz\/wp-content\/uploads\/2024\/12\/annie-spratt-VW103sC-nzo-unsplash-scaled.jpg?fit=2560%2C1707&ssl=1","articleSection":["Astrotypy"],"inLanguage":"cs","potentialAction":[{"@type":"CommentAction","name":"Comment","target":["https:\/\/www.laznezenskeduse.cz\/index.php\/2026\/01\/30\/prosinec-pod-taktovkou-smejdive-krysy-2\/#respond"]}]},{"@type":"WebPage","@id":"https:\/\/www.laznezenskeduse.cz\/index.php\/2026\/01\/30\/prosinec-pod-taktovkou-smejdive-krysy-2\/","url":"https:\/\/www.laznezenskeduse.cz\/index.php\/2026\/01\/30\/prosinec-pod-taktovkou-smejdive-krysy-2\/","name":"Prosinec pod taktovkou \u0161mejdiv\u00e9 krysy -","isPartOf":{"@id":"https:\/\/www.laznezenskeduse.cz\/#website"},"primaryImageOfPage":{"@id":"https:\/\/www.laznezenskeduse.cz\/index.php\/2026\/01\/30\/prosinec-pod-taktovkou-smejdive-krysy-2\/#primaryimage"},"image":{"@id":"https:\/\/www.laznezenskeduse.cz\/index.php\/2026\/01\/30\/prosinec-pod-taktovkou-smejdive-krysy-2\/#primaryimage"},"thumbnailUrl":"https:\/\/i0.wp.com\/www.laznezenskeduse.cz\/wp-content\/uploads\/2024\/12\/annie-spratt-VW103sC-nzo-unsplash-scaled.jpg?fit=2560%2C1707&ssl=1","datePublished":"2026-01-30T14:30:41+00:00","dateModified":"2026-01-30T14:30:42+00:00","breadcrumb":{"@id":"https:\/\/www.laznezenskeduse.cz\/index.php\/2026\/01\/30\/prosinec-pod-taktovkou-smejdive-krysy-2\/#breadcrumb"},"inLanguage":"cs","potentialAction":[{"@type":"ReadAction","target":["https:\/\/www.laznezenskeduse.cz\/index.php\/2026\/01\/30\/prosinec-pod-taktovkou-smejdive-krysy-2\/"]}]},{"@type":"ImageObject","inLanguage":"cs","@id":"https:\/\/www.laznezenskeduse.cz\/index.php\/2026\/01\/30\/prosinec-pod-taktovkou-smejdive-krysy-2\/#primaryimage","url":"https:\/\/i0.wp.com\/www.laznezenskeduse.cz\/wp-content\/uploads\/2024\/12\/annie-spratt-VW103sC-nzo-unsplash-scaled.jpg?fit=2560%2C1707&ssl=1","contentUrl":"https:\/\/i0.wp.com\/www.laznezenskeduse.cz\/wp-content\/uploads\/2024\/12\/annie-spratt-VW103sC-nzo-unsplash-scaled.jpg?fit=2560%2C1707&ssl=1","width":2560,"height":1707},{"@type":"BreadcrumbList","@id":"https:\/\/www.laznezenskeduse.cz\/index.php\/2026\/01\/30\/prosinec-pod-taktovkou-smejdive-krysy-2\/#breadcrumb","itemListElement":[{"@type":"ListItem","position":1,"name":"Dom\u016f","item":"https:\/\/www.laznezenskeduse.cz\/"},{"@type":"ListItem","position":2,"name":"Prosinec pod taktovkou \u0161mejdiv\u00e9 krysy"}]},{"@type":"WebSite","@id":"https:\/\/www.laznezenskeduse.cz\/#website","url":"https:\/\/www.laznezenskeduse.cz\/","name":"","description":"","publisher":{"@id":"https:\/\/www.laznezenskeduse.cz\/#\/schema\/person\/c484a943d9dfcae451d6e23045961c91"},"potentialAction":[{"@type":"SearchAction","target":{"@type":"EntryPoint","urlTemplate":"https:\/\/www.laznezenskeduse.cz\/?s={search_term_string}"},"query-input":"required name=search_term_string"}],"inLanguage":"cs"},{"@type":["Person","Organization"],"@id":"https:\/\/www.laznezenskeduse.cz\/#\/schema\/person\/c484a943d9dfcae451d6e23045961c91","name":"Anna Tali\u00e1nov\u00e1","image":{"@type":"ImageObject","inLanguage":"cs","@id":"https:\/\/www.laznezenskeduse.cz\/#\/schema\/person\/image\/","url":"https:\/\/i0.wp.com\/www.laznezenskeduse.cz\/wp-content\/uploads\/2021\/04\/Lazne-zenske-duse_logo.png?fit=400%2C150&ssl=1","contentUrl":"https:\/\/i0.wp.com\/www.laznezenskeduse.cz\/wp-content\/uploads\/2021\/04\/Lazne-zenske-duse_logo.png?fit=400%2C150&ssl=1","width":400,"height":150,"caption":"Anna Tali\u00e1nov\u00e1"},"logo":{"@id":"https:\/\/www.laznezenskeduse.cz\/#\/schema\/person\/image\/"},"sameAs":["http:\/\/laznezenskeduse.cz"],"url":"https:\/\/www.laznezenskeduse.cz\/index.php\/author\/laznezensk2\/"}]}},"jetpack_sharing_enabled":true,"jetpack_featured_media_url":"https:\/\/i0.wp.com\/www.laznezenskeduse.cz\/wp-content\/uploads\/2024\/12\/annie-spratt-VW103sC-nzo-unsplash-scaled.jpg?fit=2560%2C1707&ssl=1","jetpack-related-posts":[],"_links":{"self":[{"href":"https:\/\/www.laznezenskeduse.cz\/index.php\/wp-json\/wp\/v2\/posts\/5936"}],"collection":[{"href":"https:\/\/www.laznezenskeduse.cz\/index.php\/wp-json\/wp\/v2\/posts"}],"about":[{"href":"https:\/\/www.laznezenskeduse.cz\/index.php\/wp-json\/wp\/v2\/types\/post"}],"author":[{"embeddable":true,"href":"https:\/\/www.laznezenskeduse.cz\/index.php\/wp-json\/wp\/v2\/users\/2"}],"replies":[{"embeddable":true,"href":"https:\/\/www.laznezenskeduse.cz\/index.php\/wp-json\/wp\/v2\/comments?post=5936"}],"version-history":[{"count":1,"href":"https:\/\/www.laznezenskeduse.cz\/index.php\/wp-json\/wp\/v2\/posts\/5936\/revisions"}],"predecessor-version":[{"id":5937,"href":"https:\/\/www.laznezenskeduse.cz\/index.php\/wp-json\/wp\/v2\/posts\/5936\/revisions\/5937"}],"wp:featuredmedia":[{"embeddable":true,"href":"https:\/\/www.laznezenskeduse.cz\/index.php\/wp-json\/wp\/v2\/media\/4026"}],"wp:attachment":[{"href":"https:\/\/www.laznezenskeduse.cz\/index.php\/wp-json\/wp\/v2\/media?parent=5936"}],"wp:term":[{"taxonomy":"category","embeddable":true,"href":"https:\/\/www.laznezenskeduse.cz\/index.php\/wp-json\/wp\/v2\/categories?post=5936"},{"taxonomy":"post_tag","embeddable":true,"href":"https:\/\/www.laznezenskeduse.cz\/index.php\/wp-json\/wp\/v2\/tags?post=5936"}],"curies":[{"name":"wp","href":"https:\/\/api.w.org\/{rel}","templated":true}]}}