{"id":5938,"date":"2026-01-30T14:34:30","date_gmt":"2026-01-30T14:34:30","guid":{"rendered":"https:\/\/www.laznezenskeduse.cz\/?p=5938"},"modified":"2026-01-30T14:43:09","modified_gmt":"2026-01-30T14:43:09","slug":"leden-s-hledanim-novych-vizi-s-cilevedomym-buvolem-2","status":"publish","type":"post","link":"https:\/\/www.laznezenskeduse.cz\/index.php\/2026\/01\/30\/leden-s-hledanim-novych-vizi-s-cilevedomym-buvolem-2\/","title":{"rendered":"Leden s hled\u00e1n\u00edm nov\u00fdch viz\u00ed s c\u00edlev\u011bdom\u00fdm buvolem"},"content":{"rendered":"\n<p><strong>V\u00edt\u00e1m V\u00e1s v nov\u00e9m roce a jeho prvn\u00edm m\u011bs\u00edci, kter\u00e9mu vl\u00e1dne buvol. P\u0159ed vykro\u010den\u00edm do nezn\u00e1ma, n\u00e1m buvol\u00ed pevnost, s\u00edla a rozhodnost pomohou s p\u0159\u00edpravami na cestu dal\u0161\u00edm rokem na\u0161ich \u017eivot\u016f.<\/strong><\/p>\n\n\n\n<p>Buvol pot\u0159ebuje sv\u016fj prostor a \u010das. Jak\u00e9koli tlaky mu v\u016fbec ned\u011blaj\u00ed dob\u0159e. Dop\u0159ejme si tedy v lednu \u010das a prostor pro pl\u00e1nov\u00e1n\u00ed nov\u00fdch sn\u016f a viz\u00ed. Energie buvola n\u00e1s v tom absolutn\u011b podpo\u0159\u00ed, proto\u017ee jeho \u00fakolem je p\u0159ipravit prostor pro to, co p\u0159ich\u00e1z\u00ed. Zkusme se je\u0161t\u011b jednou pod\u00edvat na t\u00e9ma sv\u00fdch hranic a pot\u0159eb, pojmenujme je a sd\u00edlejme je se sv\u00fdm okol\u00edm. Zam\u011b\u0159me na to zvl\u00e1\u0161tn\u00ed pozornost, nebo\u0165 buvol m\u00e1 tendence v\u0161echny tyto mal\u00e9 \u201ened\u016fle\u017eit\u00e9\u201c pocity a pot\u0159eby p\u0159ech\u00e1zet. Nechce se jimi v pr\u016fb\u011bhu \u017eivota unavovat a pak v\u0161echny okolo m\u016f\u017ee \u0161okovat obrovsk\u00fdm cholerick\u00fdm v\u00fdbuchem kv\u016fli naprost\u00e9 malichernosti. A to jen proto, \u017ee t\u011bch malichernost\u00ed, kter\u00e9 byly pod jeho rozli\u0161ovac\u00ed schopnosti, ale p\u0159esto mu n\u011bjak\u00fdm zp\u016fsobem zasahovaly do \u017eivota, bylo u\u017e moc. Buvola m\u016f\u017eeme v tomto ohledu p\u0159irovnat k vln\u011b tsunami, dlouho jakoby se nic ned\u011bje, je klid a b\u011bhem okam\u017eiku ude\u0159\u00ed zni\u010duj\u00edc\u00ed silou. Buvol n\u00e1m dovol\u00ed se na chv\u00edli zastavit, obr\u00e1tit se do sebe a tam pohledem do sv\u00e9ho srdce objevit sv\u00e9 kvality, dary a talenty, kter\u00e9 m\u016f\u017eeme v n\u00e1sleduj\u00edc\u00edm obdob\u00ed vyn\u00e9st ven a obohatit t\u00edm sebe, sv\u00e9 bl\u00edzk\u00e9 a mo\u017en\u00e1 i cel\u00fd sv\u011bt. Neposp\u00edchejme tedy je\u0161t\u011b zp\u011bt do velk\u00e9ho sv\u011bta, u\u017eijme si posledn\u00ed chv\u00edle sami se sebou, odlo\u017eme to, co n\u00e1m ji\u017e neslou\u017e\u00ed, uv\u011bdomme si, co n\u00e1s syt\u00ed, vy\u017eivuje a prosv\u011bcuje n\u00e1\u0161 \u017eivot. V poklidu a tichu sp\u00edc\u00ed p\u0159\u00edrody se tak pomalu p\u0159ipravme na dal\u0161\u00ed rok na\u0161eho \u017eivota. Klid, meditace, rozj\u00edm\u00e1n\u00ed, sn\u011bn\u00ed a p\u0159\u00edprava viz\u00ed jsou t\u011bmi prav\u00fdmi esencemi tohoto \u010dasu.<\/p>\n\n\n\n<p>Leden n\u00e1m z\u00e1rove\u0148 p\u0159in\u00e1\u0161\u00ed nejd\u016fle\u017eit\u011bj\u0161\u00ed \u010das pro obnovu prvku Zem\u011b v na\u0161em organismu, tzv. mezidob\u00ed Zem\u011b. Takov\u00e9to obdob\u00ed pro\u017e\u00edv\u00e1me \u010dty\u0159ikr\u00e1t do roka v lednu, dubnu, \u010dervenci a \u0159\u00edjnu, nicm\u00e9n\u011b pr\u00e1v\u011b to lednov\u00e9 pat\u0159\u00ed k nejsiln\u011bj\u0161\u00edm a d\u00edky spr\u00e1vn\u00e9 p\u00e9\u010di dok\u00e1\u017ee obnovit a\u017e osmdes\u00e1t procent energetick\u00fdch z\u00e1sob v ledvin\u00e1ch. To, co ledviny p\u0159\u00edmo miluj\u00ed je teplo, teplo a teplo. Je dobr\u00e9 proh\u0159\u00edvat a udr\u017eovat v teple nejen oblast ledvin a beder, ale i nohou, t\u0159eba ji\u017e d\u0159\u00edve zmi\u0148ovanou teplou solnou l\u00e1zn\u00ed. P\u0159\u00edjem slan\u00fdch tepl\u00fdch tekutin v podob\u011b dlouze ta\u017een\u00fdch v\u00fdvar\u016f pos\u00edl\u00ed ledviny zevnit\u0159 proh\u0159\u00e1t\u00edm a dopln\u011bn\u00edm tolik pot\u0159ebn\u00fdch miner\u00e1l\u016f. A proto\u017ee jsme v mezidob\u00ed Zem\u011b m\u011bli bychom n\u00e1\u0161 j\u00eddeln\u00ed\u010dek doplnit tak\u00e9 o teplou a p\u0159irozen\u011b sladkou chu\u0165 a dop\u0159\u00e1t si po\u0159\u00e1dn\u00e9 sn\u00eddan\u011b. S energi\u00ed zem\u011b souvis\u00ed tak\u00e9 v\u0161e t\u00fdkaj\u00edc\u00ed se st\u0159ed\u016f. A\u0165 ji\u017e jde o st\u0159ed t\u011bla, st\u0159ed stolu, m\u00edstnosti nebo prost\u0159edek t\u00fddne. Je d\u016fle\u017eit\u00e9 udr\u017eovat sv\u00e9 st\u0159edy v \u010distot\u011b a dobr\u00e9 kondici. St\u0159ed sv\u00e9ho t\u011bla m\u016f\u017eete vy\u017eivit krom\u011b dobr\u00e9 tepl\u00e9 sn\u00eddan\u011b uveden\u00e9 v\u00fd\u0161e tak\u00e9 t\u00edm, \u017ee budete j\u00edst v klidu a zapomenete na rychl\u00fd ob\u011bd zhltnut\u00fd b\u011bhem ch\u016fze na dal\u0161\u00ed sch\u016fzku. Co si takhle dop\u0159\u00e1t chv\u00edli pozornosti jen sama pro sebe pr\u00e1v\u011b ve st\u0159edu, dop\u0159\u00e1t si v\u00fdborn\u00fd ob\u011bd v kr\u00e1sn\u00e9m prost\u0159ed\u00ed, kter\u00fd vy\u017eiv\u00ed v\u0161echny na\u0161e smysly. T\u0159eba se z toho stane takov\u00fd mal\u00fd st\u0159ede\u010dn\u00ed ritu\u00e1l, kter\u00fd n\u00e1m pom\u016f\u017ee ope\u010dovat se uprost\u0159ed ru\u0161n\u00fdch dn\u016f. Pod\u00edvejte se tak\u00e9 do prostoru a zam\u011b\u0159te svou pozornost na st\u0159edy, stolu, m\u00edstnost\u00ed, bytu nebo domu. Ukli\u010fte a ozdobte je n\u011b\u010d\u00edm kulat\u00fdm a kr\u00e1sn\u00fdm, co V\u00e1m p\u0159inese do \u017eivota harmonii a radost.<\/p>\n\n\n\n<blockquote class=\"wp-block-quote has-large-font-size\">\n<p><\/p>\n<cite><strong>Mottem tohoto m\u011bs\u00edce je KLID, \u010cAS A PROSTOR NA ODLO\u017dEN\u00cd STAR\u00c9HO A<br>P\u0158\u00cdPRAVU NOV\u00c9HO<\/strong><\/cite><\/blockquote>\n","protected":false},"excerpt":{"rendered":"<p>V\u00edt\u00e1m V\u00e1s v nov\u00e9m roce a jeho prvn\u00edm m\u011bs\u00edci, kter\u00e9mu vl\u00e1dne buvol. P\u0159ed vykro\u010den\u00edm do nezn\u00e1ma, n\u00e1m buvol\u00ed pevnost, s\u00edla a rozhodnost pomohou s p\u0159\u00edpravami na cestu dal\u0161\u00edm rokem na\u0161ich \u017eivot\u016f. Buvol pot\u0159ebuje sv\u016fj prostor a \u010das. Jak\u00e9koli tlaky mu v\u016fbec ned\u011blaj\u00ed dob\u0159e. Dop\u0159ejme si tedy v lednu \u010das a prostor pro pl\u00e1nov\u00e1n\u00ed nov\u00fdch sn\u016f&hellip;<\/p>\n<a class=\"read-more-link\" href=\" https:\/\/www.laznezenskeduse.cz\/index.php\/2026\/01\/30\/leden-s-hledanim-novych-vizi-s-cilevedomym-buvolem-2\/ \">Read More<\/a>","protected":false},"author":2,"featured_media":2218,"comment_status":"open","ping_status":"open","sticky":false,"template":"","format":"standard","meta":{"footnotes":"","_jetpack_memberships_contains_paid_content":false},"categories":[57],"tags":[],"yoast_head":"<!-- This site is optimized with the Yoast SEO plugin v23.1 - https:\/\/yoast.com\/wordpress\/plugins\/seo\/ -->\n<title>Leden s hled\u00e1n\u00edm nov\u00fdch viz\u00ed s c\u00edlev\u011bdom\u00fdm buvolem -<\/title>\n<meta name=\"robots\" content=\"index, follow, max-snippet:-1, max-image-preview:large, max-video-preview:-1\" \/>\n<link rel=\"canonical\" href=\"https:\/\/www.laznezenskeduse.cz\/index.php\/2026\/01\/30\/leden-s-hledanim-novych-vizi-s-cilevedomym-buvolem-2\/\" \/>\n<meta property=\"og:locale\" content=\"cs_CZ\" \/>\n<meta property=\"og:type\" content=\"article\" \/>\n<meta property=\"og:title\" content=\"Leden s hled\u00e1n\u00edm nov\u00fdch viz\u00ed s c\u00edlev\u011bdom\u00fdm buvolem -\" \/>\n<meta property=\"og:description\" content=\"V\u00edt\u00e1m V\u00e1s v nov\u00e9m roce a jeho prvn\u00edm m\u011bs\u00edci, kter\u00e9mu vl\u00e1dne buvol. P\u0159ed vykro\u010den\u00edm do nezn\u00e1ma, n\u00e1m buvol\u00ed pevnost, s\u00edla a rozhodnost pomohou s p\u0159\u00edpravami na cestu dal\u0161\u00edm rokem na\u0161ich \u017eivot\u016f. Buvol pot\u0159ebuje sv\u016fj prostor a \u010das. Jak\u00e9koli tlaky mu v\u016fbec ned\u011blaj\u00ed dob\u0159e. Dop\u0159ejme si tedy v lednu \u010das a prostor pro pl\u00e1nov\u00e1n\u00ed nov\u00fdch sn\u016f&hellip;\" \/>\n<meta property=\"og:url\" content=\"https:\/\/www.laznezenskeduse.cz\/index.php\/2026\/01\/30\/leden-s-hledanim-novych-vizi-s-cilevedomym-buvolem-2\/\" \/>\n<meta property=\"article:published_time\" content=\"2026-01-30T14:34:30+00:00\" \/>\n<meta property=\"article:modified_time\" content=\"2026-01-30T14:43:09+00:00\" \/>\n<meta property=\"og:image\" content=\"https:\/\/www.laznezenskeduse.cz\/wp-content\/uploads\/2023\/01\/ray-hennessy-6-JIDCnZG2E-unsplash1-scaled.jpg\" \/>\n\t<meta property=\"og:image:width\" content=\"2560\" \/>\n\t<meta property=\"og:image:height\" content=\"1704\" \/>\n\t<meta property=\"og:image:type\" content=\"image\/jpeg\" \/>\n<meta name=\"author\" content=\"Anna Tali\u00e1nov\u00e1\" \/>\n<meta name=\"twitter:card\" content=\"summary_large_image\" \/>\n<meta name=\"twitter:label1\" content=\"Napsal(a)\" \/>\n\t<meta name=\"twitter:data1\" content=\"Anna Tali\u00e1nov\u00e1\" \/>\n\t<meta name=\"twitter:label2\" content=\"Odhadovan\u00e1 doba \u010dten\u00ed\" \/>\n\t<meta name=\"twitter:data2\" content=\"4 minuty\" \/>\n<script type=\"application\/ld+json\" class=\"yoast-schema-graph\">{\"@context\":\"https:\/\/schema.org\",\"@graph\":[{\"@type\":\"Article\",\"@id\":\"https:\/\/www.laznezenskeduse.cz\/index.php\/2026\/01\/30\/leden-s-hledanim-novych-vizi-s-cilevedomym-buvolem-2\/#article\",\"isPartOf\":{\"@id\":\"https:\/\/www.laznezenskeduse.cz\/index.php\/2026\/01\/30\/leden-s-hledanim-novych-vizi-s-cilevedomym-buvolem-2\/\"},\"author\":{\"name\":\"Anna Tali\u00e1nov\u00e1\",\"@id\":\"https:\/\/www.laznezenskeduse.cz\/#\/schema\/person\/c484a943d9dfcae451d6e23045961c91\"},\"headline\":\"Leden s hled\u00e1n\u00edm nov\u00fdch viz\u00ed s c\u00edlev\u011bdom\u00fdm buvolem\",\"datePublished\":\"2026-01-30T14:34:30+00:00\",\"dateModified\":\"2026-01-30T14:43:09+00:00\",\"mainEntityOfPage\":{\"@id\":\"https:\/\/www.laznezenskeduse.cz\/index.php\/2026\/01\/30\/leden-s-hledanim-novych-vizi-s-cilevedomym-buvolem-2\/\"},\"wordCount\":782,\"commentCount\":0,\"publisher\":{\"@id\":\"https:\/\/www.laznezenskeduse.cz\/#\/schema\/person\/c484a943d9dfcae451d6e23045961c91\"},\"image\":{\"@id\":\"https:\/\/www.laznezenskeduse.cz\/index.php\/2026\/01\/30\/leden-s-hledanim-novych-vizi-s-cilevedomym-buvolem-2\/#primaryimage\"},\"thumbnailUrl\":\"https:\/\/i0.wp.com\/www.laznezenskeduse.cz\/wp-content\/uploads\/2023\/01\/ray-hennessy-6-JIDCnZG2E-unsplash1-scaled.jpg?fit=2560%2C1704&ssl=1\",\"articleSection\":[\"Astrotypy\"],\"inLanguage\":\"cs\",\"potentialAction\":[{\"@type\":\"CommentAction\",\"name\":\"Comment\",\"target\":[\"https:\/\/www.laznezenskeduse.cz\/index.php\/2026\/01\/30\/leden-s-hledanim-novych-vizi-s-cilevedomym-buvolem-2\/#respond\"]}]},{\"@type\":\"WebPage\",\"@id\":\"https:\/\/www.laznezenskeduse.cz\/index.php\/2026\/01\/30\/leden-s-hledanim-novych-vizi-s-cilevedomym-buvolem-2\/\",\"url\":\"https:\/\/www.laznezenskeduse.cz\/index.php\/2026\/01\/30\/leden-s-hledanim-novych-vizi-s-cilevedomym-buvolem-2\/\",\"name\":\"Leden s hled\u00e1n\u00edm nov\u00fdch viz\u00ed s c\u00edlev\u011bdom\u00fdm buvolem -\",\"isPartOf\":{\"@id\":\"https:\/\/www.laznezenskeduse.cz\/#website\"},\"primaryImageOfPage\":{\"@id\":\"https:\/\/www.laznezenskeduse.cz\/index.php\/2026\/01\/30\/leden-s-hledanim-novych-vizi-s-cilevedomym-buvolem-2\/#primaryimage\"},\"image\":{\"@id\":\"https:\/\/www.laznezenskeduse.cz\/index.php\/2026\/01\/30\/leden-s-hledanim-novych-vizi-s-cilevedomym-buvolem-2\/#primaryimage\"},\"thumbnailUrl\":\"https:\/\/i0.wp.com\/www.laznezenskeduse.cz\/wp-content\/uploads\/2023\/01\/ray-hennessy-6-JIDCnZG2E-unsplash1-scaled.jpg?fit=2560%2C1704&ssl=1\",\"datePublished\":\"2026-01-30T14:34:30+00:00\",\"dateModified\":\"2026-01-30T14:43:09+00:00\",\"breadcrumb\":{\"@id\":\"https:\/\/www.laznezenskeduse.cz\/index.php\/2026\/01\/30\/leden-s-hledanim-novych-vizi-s-cilevedomym-buvolem-2\/#breadcrumb\"},\"inLanguage\":\"cs\",\"potentialAction\":[{\"@type\":\"ReadAction\",\"target\":[\"https:\/\/www.laznezenskeduse.cz\/index.php\/2026\/01\/30\/leden-s-hledanim-novych-vizi-s-cilevedomym-buvolem-2\/\"]}]},{\"@type\":\"ImageObject\",\"inLanguage\":\"cs\",\"@id\":\"https:\/\/www.laznezenskeduse.cz\/index.php\/2026\/01\/30\/leden-s-hledanim-novych-vizi-s-cilevedomym-buvolem-2\/#primaryimage\",\"url\":\"https:\/\/i0.wp.com\/www.laznezenskeduse.cz\/wp-content\/uploads\/2023\/01\/ray-hennessy-6-JIDCnZG2E-unsplash1-scaled.jpg?fit=2560%2C1704&ssl=1\",\"contentUrl\":\"https:\/\/i0.wp.com\/www.laznezenskeduse.cz\/wp-content\/uploads\/2023\/01\/ray-hennessy-6-JIDCnZG2E-unsplash1-scaled.jpg?fit=2560%2C1704&ssl=1\",\"width\":2560,\"height\":1704},{\"@type\":\"BreadcrumbList\",\"@id\":\"https:\/\/www.laznezenskeduse.cz\/index.php\/2026\/01\/30\/leden-s-hledanim-novych-vizi-s-cilevedomym-buvolem-2\/#breadcrumb\",\"itemListElement\":[{\"@type\":\"ListItem\",\"position\":1,\"name\":\"Dom\u016f\",\"item\":\"https:\/\/www.laznezenskeduse.cz\/\"},{\"@type\":\"ListItem\",\"position\":2,\"name\":\"Leden s hled\u00e1n\u00edm nov\u00fdch viz\u00ed s c\u00edlev\u011bdom\u00fdm buvolem\"}]},{\"@type\":\"WebSite\",\"@id\":\"https:\/\/www.laznezenskeduse.cz\/#website\",\"url\":\"https:\/\/www.laznezenskeduse.cz\/\",\"name\":\"\",\"description\":\"\",\"publisher\":{\"@id\":\"https:\/\/www.laznezenskeduse.cz\/#\/schema\/person\/c484a943d9dfcae451d6e23045961c91\"},\"potentialAction\":[{\"@type\":\"SearchAction\",\"target\":{\"@type\":\"EntryPoint\",\"urlTemplate\":\"https:\/\/www.laznezenskeduse.cz\/?s={search_term_string}\"},\"query-input\":\"required name=search_term_string\"}],\"inLanguage\":\"cs\"},{\"@type\":[\"Person\",\"Organization\"],\"@id\":\"https:\/\/www.laznezenskeduse.cz\/#\/schema\/person\/c484a943d9dfcae451d6e23045961c91\",\"name\":\"Anna Tali\u00e1nov\u00e1\",\"image\":{\"@type\":\"ImageObject\",\"inLanguage\":\"cs\",\"@id\":\"https:\/\/www.laznezenskeduse.cz\/#\/schema\/person\/image\/\",\"url\":\"https:\/\/i0.wp.com\/www.laznezenskeduse.cz\/wp-content\/uploads\/2021\/04\/Lazne-zenske-duse_logo.png?fit=400%2C150&ssl=1\",\"contentUrl\":\"https:\/\/i0.wp.com\/www.laznezenskeduse.cz\/wp-content\/uploads\/2021\/04\/Lazne-zenske-duse_logo.png?fit=400%2C150&ssl=1\",\"width\":400,\"height\":150,\"caption\":\"Anna Tali\u00e1nov\u00e1\"},\"logo\":{\"@id\":\"https:\/\/www.laznezenskeduse.cz\/#\/schema\/person\/image\/\"},\"sameAs\":[\"http:\/\/laznezenskeduse.cz\"],\"url\":\"https:\/\/www.laznezenskeduse.cz\/index.php\/author\/laznezensk2\/\"}]}<\/script>\n<!-- \/ Yoast SEO plugin. -->","yoast_head_json":{"title":"Leden s hled\u00e1n\u00edm nov\u00fdch viz\u00ed s c\u00edlev\u011bdom\u00fdm buvolem -","robots":{"index":"index","follow":"follow","max-snippet":"max-snippet:-1","max-image-preview":"max-image-preview:large","max-video-preview":"max-video-preview:-1"},"canonical":"https:\/\/www.laznezenskeduse.cz\/index.php\/2026\/01\/30\/leden-s-hledanim-novych-vizi-s-cilevedomym-buvolem-2\/","og_locale":"cs_CZ","og_type":"article","og_title":"Leden s hled\u00e1n\u00edm nov\u00fdch viz\u00ed s c\u00edlev\u011bdom\u00fdm buvolem -","og_description":"V\u00edt\u00e1m V\u00e1s v nov\u00e9m roce a jeho prvn\u00edm m\u011bs\u00edci, kter\u00e9mu vl\u00e1dne buvol. P\u0159ed vykro\u010den\u00edm do nezn\u00e1ma, n\u00e1m buvol\u00ed pevnost, s\u00edla a rozhodnost pomohou s p\u0159\u00edpravami na cestu dal\u0161\u00edm rokem na\u0161ich \u017eivot\u016f. Buvol pot\u0159ebuje sv\u016fj prostor a \u010das. Jak\u00e9koli tlaky mu v\u016fbec ned\u011blaj\u00ed dob\u0159e. Dop\u0159ejme si tedy v lednu \u010das a prostor pro pl\u00e1nov\u00e1n\u00ed nov\u00fdch sn\u016f&hellip;","og_url":"https:\/\/www.laznezenskeduse.cz\/index.php\/2026\/01\/30\/leden-s-hledanim-novych-vizi-s-cilevedomym-buvolem-2\/","article_published_time":"2026-01-30T14:34:30+00:00","article_modified_time":"2026-01-30T14:43:09+00:00","og_image":[{"width":2560,"height":1704,"url":"https:\/\/www.laznezenskeduse.cz\/wp-content\/uploads\/2023\/01\/ray-hennessy-6-JIDCnZG2E-unsplash1-scaled.jpg","type":"image\/jpeg"}],"author":"Anna Tali\u00e1nov\u00e1","twitter_card":"summary_large_image","twitter_misc":{"Napsal(a)":"Anna Tali\u00e1nov\u00e1","Odhadovan\u00e1 doba \u010dten\u00ed":"4 minuty"},"schema":{"@context":"https:\/\/schema.org","@graph":[{"@type":"Article","@id":"https:\/\/www.laznezenskeduse.cz\/index.php\/2026\/01\/30\/leden-s-hledanim-novych-vizi-s-cilevedomym-buvolem-2\/#article","isPartOf":{"@id":"https:\/\/www.laznezenskeduse.cz\/index.php\/2026\/01\/30\/leden-s-hledanim-novych-vizi-s-cilevedomym-buvolem-2\/"},"author":{"name":"Anna Tali\u00e1nov\u00e1","@id":"https:\/\/www.laznezenskeduse.cz\/#\/schema\/person\/c484a943d9dfcae451d6e23045961c91"},"headline":"Leden s hled\u00e1n\u00edm nov\u00fdch viz\u00ed s c\u00edlev\u011bdom\u00fdm buvolem","datePublished":"2026-01-30T14:34:30+00:00","dateModified":"2026-01-30T14:43:09+00:00","mainEntityOfPage":{"@id":"https:\/\/www.laznezenskeduse.cz\/index.php\/2026\/01\/30\/leden-s-hledanim-novych-vizi-s-cilevedomym-buvolem-2\/"},"wordCount":782,"commentCount":0,"publisher":{"@id":"https:\/\/www.laznezenskeduse.cz\/#\/schema\/person\/c484a943d9dfcae451d6e23045961c91"},"image":{"@id":"https:\/\/www.laznezenskeduse.cz\/index.php\/2026\/01\/30\/leden-s-hledanim-novych-vizi-s-cilevedomym-buvolem-2\/#primaryimage"},"thumbnailUrl":"https:\/\/i0.wp.com\/www.laznezenskeduse.cz\/wp-content\/uploads\/2023\/01\/ray-hennessy-6-JIDCnZG2E-unsplash1-scaled.jpg?fit=2560%2C1704&ssl=1","articleSection":["Astrotypy"],"inLanguage":"cs","potentialAction":[{"@type":"CommentAction","name":"Comment","target":["https:\/\/www.laznezenskeduse.cz\/index.php\/2026\/01\/30\/leden-s-hledanim-novych-vizi-s-cilevedomym-buvolem-2\/#respond"]}]},{"@type":"WebPage","@id":"https:\/\/www.laznezenskeduse.cz\/index.php\/2026\/01\/30\/leden-s-hledanim-novych-vizi-s-cilevedomym-buvolem-2\/","url":"https:\/\/www.laznezenskeduse.cz\/index.php\/2026\/01\/30\/leden-s-hledanim-novych-vizi-s-cilevedomym-buvolem-2\/","name":"Leden s hled\u00e1n\u00edm nov\u00fdch viz\u00ed s c\u00edlev\u011bdom\u00fdm buvolem -","isPartOf":{"@id":"https:\/\/www.laznezenskeduse.cz\/#website"},"primaryImageOfPage":{"@id":"https:\/\/www.laznezenskeduse.cz\/index.php\/2026\/01\/30\/leden-s-hledanim-novych-vizi-s-cilevedomym-buvolem-2\/#primaryimage"},"image":{"@id":"https:\/\/www.laznezenskeduse.cz\/index.php\/2026\/01\/30\/leden-s-hledanim-novych-vizi-s-cilevedomym-buvolem-2\/#primaryimage"},"thumbnailUrl":"https:\/\/i0.wp.com\/www.laznezenskeduse.cz\/wp-content\/uploads\/2023\/01\/ray-hennessy-6-JIDCnZG2E-unsplash1-scaled.jpg?fit=2560%2C1704&ssl=1","datePublished":"2026-01-30T14:34:30+00:00","dateModified":"2026-01-30T14:43:09+00:00","breadcrumb":{"@id":"https:\/\/www.laznezenskeduse.cz\/index.php\/2026\/01\/30\/leden-s-hledanim-novych-vizi-s-cilevedomym-buvolem-2\/#breadcrumb"},"inLanguage":"cs","potentialAction":[{"@type":"ReadAction","target":["https:\/\/www.laznezenskeduse.cz\/index.php\/2026\/01\/30\/leden-s-hledanim-novych-vizi-s-cilevedomym-buvolem-2\/"]}]},{"@type":"ImageObject","inLanguage":"cs","@id":"https:\/\/www.laznezenskeduse.cz\/index.php\/2026\/01\/30\/leden-s-hledanim-novych-vizi-s-cilevedomym-buvolem-2\/#primaryimage","url":"https:\/\/i0.wp.com\/www.laznezenskeduse.cz\/wp-content\/uploads\/2023\/01\/ray-hennessy-6-JIDCnZG2E-unsplash1-scaled.jpg?fit=2560%2C1704&ssl=1","contentUrl":"https:\/\/i0.wp.com\/www.laznezenskeduse.cz\/wp-content\/uploads\/2023\/01\/ray-hennessy-6-JIDCnZG2E-unsplash1-scaled.jpg?fit=2560%2C1704&ssl=1","width":2560,"height":1704},{"@type":"BreadcrumbList","@id":"https:\/\/www.laznezenskeduse.cz\/index.php\/2026\/01\/30\/leden-s-hledanim-novych-vizi-s-cilevedomym-buvolem-2\/#breadcrumb","itemListElement":[{"@type":"ListItem","position":1,"name":"Dom\u016f","item":"https:\/\/www.laznezenskeduse.cz\/"},{"@type":"ListItem","position":2,"name":"Leden s hled\u00e1n\u00edm nov\u00fdch viz\u00ed s c\u00edlev\u011bdom\u00fdm buvolem"}]},{"@type":"WebSite","@id":"https:\/\/www.laznezenskeduse.cz\/#website","url":"https:\/\/www.laznezenskeduse.cz\/","name":"","description":"","publisher":{"@id":"https:\/\/www.laznezenskeduse.cz\/#\/schema\/person\/c484a943d9dfcae451d6e23045961c91"},"potentialAction":[{"@type":"SearchAction","target":{"@type":"EntryPoint","urlTemplate":"https:\/\/www.laznezenskeduse.cz\/?s={search_term_string}"},"query-input":"required name=search_term_string"}],"inLanguage":"cs"},{"@type":["Person","Organization"],"@id":"https:\/\/www.laznezenskeduse.cz\/#\/schema\/person\/c484a943d9dfcae451d6e23045961c91","name":"Anna Tali\u00e1nov\u00e1","image":{"@type":"ImageObject","inLanguage":"cs","@id":"https:\/\/www.laznezenskeduse.cz\/#\/schema\/person\/image\/","url":"https:\/\/i0.wp.com\/www.laznezenskeduse.cz\/wp-content\/uploads\/2021\/04\/Lazne-zenske-duse_logo.png?fit=400%2C150&ssl=1","contentUrl":"https:\/\/i0.wp.com\/www.laznezenskeduse.cz\/wp-content\/uploads\/2021\/04\/Lazne-zenske-duse_logo.png?fit=400%2C150&ssl=1","width":400,"height":150,"caption":"Anna Tali\u00e1nov\u00e1"},"logo":{"@id":"https:\/\/www.laznezenskeduse.cz\/#\/schema\/person\/image\/"},"sameAs":["http:\/\/laznezenskeduse.cz"],"url":"https:\/\/www.laznezenskeduse.cz\/index.php\/author\/laznezensk2\/"}]}},"jetpack_sharing_enabled":true,"jetpack_featured_media_url":"https:\/\/i0.wp.com\/www.laznezenskeduse.cz\/wp-content\/uploads\/2023\/01\/ray-hennessy-6-JIDCnZG2E-unsplash1-scaled.jpg?fit=2560%2C1704&ssl=1","jetpack-related-posts":[],"_links":{"self":[{"href":"https:\/\/www.laznezenskeduse.cz\/index.php\/wp-json\/wp\/v2\/posts\/5938"}],"collection":[{"href":"https:\/\/www.laznezenskeduse.cz\/index.php\/wp-json\/wp\/v2\/posts"}],"about":[{"href":"https:\/\/www.laznezenskeduse.cz\/index.php\/wp-json\/wp\/v2\/types\/post"}],"author":[{"embeddable":true,"href":"https:\/\/www.laznezenskeduse.cz\/index.php\/wp-json\/wp\/v2\/users\/2"}],"replies":[{"embeddable":true,"href":"https:\/\/www.laznezenskeduse.cz\/index.php\/wp-json\/wp\/v2\/comments?post=5938"}],"version-history":[{"count":2,"href":"https:\/\/www.laznezenskeduse.cz\/index.php\/wp-json\/wp\/v2\/posts\/5938\/revisions"}],"predecessor-version":[{"id":5940,"href":"https:\/\/www.laznezenskeduse.cz\/index.php\/wp-json\/wp\/v2\/posts\/5938\/revisions\/5940"}],"wp:featuredmedia":[{"embeddable":true,"href":"https:\/\/www.laznezenskeduse.cz\/index.php\/wp-json\/wp\/v2\/media\/2218"}],"wp:attachment":[{"href":"https:\/\/www.laznezenskeduse.cz\/index.php\/wp-json\/wp\/v2\/media?parent=5938"}],"wp:term":[{"taxonomy":"category","embeddable":true,"href":"https:\/\/www.laznezenskeduse.cz\/index.php\/wp-json\/wp\/v2\/categories?post=5938"},{"taxonomy":"post_tag","embeddable":true,"href":"https:\/\/www.laznezenskeduse.cz\/index.php\/wp-json\/wp\/v2\/tags?post=5938"}],"curies":[{"name":"wp","href":"https:\/\/api.w.org\/{rel}","templated":true}]}}